{"id":52573,"date":"2026-08-30T20:00:00","date_gmt":"2026-08-30T18:00:00","guid":{"rendered":"http:\/\/twowingsis.com\/en\/school-day-pick-up-authorized-collectors-and-parking\/"},"modified":"2026-08-30T20:44:56","modified_gmt":"2026-08-30T18:44:56","slug":"school-day-pick-up-authorized-collectors-and-parking","status":"publish","type":"post","link":"https:\/\/twowingsis.com\/fr\/school-day-pick-up-authorized-collectors-and-parking\/","title":{"rendered":"Journ\u00e9e scolaire, r\u00e9cup\u00e9ration des enfants, personnes autoris\u00e9es et parking"},"content":{"rendered":"<p class=\"parent-article-lead wp-block-paragraph\">Des routines claires pour les arriv\u00e9es et les d\u00e9parts contribuent \u00e0 la s\u00e9curit\u00e9 de chaque \u00e9l\u00e8ve et au bon d\u00e9roulement de la journ\u00e9e scolaire.<\/p>\n\n\n\n<div class=\"wp-block-group parent-article-section\"><div class=\"wp-block-group__inner-container is-layout-flow wp-block-group-is-layout-flow\">\n\n<h2 class=\"wp-block-heading\">Journ\u00e9es scolaires compl\u00e8tes<\/h2>\n\n\n<ul class=\"wp-block-list\">\n<li>Le lundi, le mardi, le jeudi et le vendredi sont des journ\u00e9es scolaires compl\u00e8tes.<\/li>\n<li>La r\u00e9cup\u00e9ration des enfants de maternelle commence \u00e0 16 h 00.<\/li>\n<li>La r\u00e9cup\u00e9ration des \u00e9l\u00e8ves du primaire commence \u00e0 17 h 00.<\/li>\n<li>Le portail de l\u2019\u00e9cole ferme \u00e0 17 h 45.<\/li>\n<\/ul>\n\n<\/div><\/div>\n\n\n\n<div class=\"wp-block-group parent-article-section\"><div class=\"wp-block-group__inner-container is-layout-flow wp-block-group-is-layout-flow\">\n\n<h2 class=\"wp-block-heading\">Horaire du mercredi<\/h2>\n\n\n<p class=\"wp-block-paragraph\">Les cours se terminent \u00e0 13 h 00 le mercredi. Les \u00e9l\u00e8ves re\u00e7oivent un petit go\u00fbter avant de partir et prennent leur repas de midi \u00e0 la maison.<\/p>\n\n\n<p class=\"wp-block-paragraph\">Si vous pensez \u00eatre en retard ou ne pouvez pas r\u00e9cup\u00e9rer votre enfant \u00e0 13 h 00, informez l\u2019enseignant(e) \u00e0 l\u2019avance afin qu\u2019une supervision s\u00e9curis\u00e9e soit organis\u00e9e.<\/p>\n\n<\/div><\/div>\n\n\n\n<div class=\"wp-block-group parent-article-section\"><div class=\"wp-block-group__inner-container is-layout-flow wp-block-group-is-layout-flow\">\n\n<h2 class=\"wp-block-heading\">Qui peut r\u00e9cup\u00e9rer un enfant<\/h2>\n\n\n<p class=\"wp-block-paragraph\">Un \u00e9l\u00e8ve ne peut quitter l\u2019\u00e9cole qu\u2019avec un parent, un tuteur l\u00e9gal d\u00fbment d\u00e9sign\u00e9 ou une personne d\u00e9j\u00e0 enregistr\u00e9e comme contact autoris\u00e9 ou contact d\u2019urgence.<\/p>\n\n\n<p class=\"wp-block-paragraph\">Si une autre personne doit r\u00e9cup\u00e9rer votre enfant, informez l\u2019\u00e9cole \u00e0 l\u2019avance et communiquez son identit\u00e9.<\/p>\n\n<\/div><\/div>\n\n\n\n<div class=\"wp-block-group parent-article-section\"><div class=\"wp-block-group__inner-container is-layout-flow wp-block-group-is-layout-flow\">\n\n<h2 class=\"wp-block-heading\">Parking et circulation<\/h2>\n\n\n<p class=\"wp-block-paragraph\">Aux heures d\u2019arriv\u00e9e et de sortie, utilisez la zone pr\u00e9vue uniquement le temps n\u00e9cessaire pour faire monter ou descendre les enfants. Des arr\u00eats courts r\u00e9duisent les encombrements et rendent la zone plus s\u00fbre pour tous.<\/p>\n\n<\/div><\/div>\n\n\n\n<p class=\"parent-article-note wp-block-paragraph\">Une r\u00e9cup\u00e9ration ponctuelle et une communication anticip\u00e9e prot\u00e8gent les enfants et soutiennent l\u2019\u00e9quipe scolaire.<\/p>","protected":false},"excerpt":{"rendered":"<p>Les horaires de sortie, les dispositions du mercredi, les r\u00e8gles de r\u00e9cup\u00e9ration et les consignes de s\u00e9curit\u00e9 pour le parking.<\/p>","protected":false},"author":0,"featured_media":0,"comment_status":"open","ping_status":"open","sticky":false,"template":"","format":"standard","meta":{"footnotes":""},"categories":[183,220],"tags":[],"class_list":["post-52573","post","type-post","status-publish","format-standard","hentry","category-news","category-parent-information"],"_links":{"self":[{"href":"https:\/\/twowingsis.com\/fr\/wp-json\/wp\/v2\/posts\/52573","targetHints":{"allow":["GET"]}}],"collection":[{"href":"https:\/\/twowingsis.com\/fr\/wp-json\/wp\/v2\/posts"}],"about":[{"href":"https:\/\/twowingsis.com\/fr\/wp-json\/wp\/v2\/types\/post"}],"replies":[{"embeddable":true,"href":"https:\/\/twowingsis.com\/fr\/wp-json\/wp\/v2\/comments?post=52573"}],"version-history":[{"count":1,"href":"https:\/\/twowingsis.com\/fr\/wp-json\/wp\/v2\/posts\/52573\/revisions"}],"predecessor-version":[{"id":52585,"href":"https:\/\/twowingsis.com\/fr\/wp-json\/wp\/v2\/posts\/52573\/revisions\/52585"}],"wp:attachment":[{"href":"https:\/\/twowingsis.com\/fr\/wp-json\/wp\/v2\/media?parent=52573"}],"wp:term":[{"taxonomy":"category","embeddable":true,"href":"https:\/\/twowingsis.com\/fr\/wp-json\/wp\/v2\/categories?post=52573"},{"taxonomy":"post_tag","embeddable":true,"href":"https:\/\/twowingsis.com\/fr\/wp-json\/wp\/v2\/tags?post=52573"}],"curies":[{"name":"wp","href":"https:\/\/api.w.org\/{rel}","templated":true}]}}